{"id":10263,"date":"2024-08-05T15:55:45","date_gmt":"2024-08-05T20:55:45","guid":{"rendered":"https:\/\/basicas.utp.edu.co\/doctorado-en-ciencias\/?p=10263"},"modified":"2026-03-06T16:32:01","modified_gmt":"2026-03-06T21:32:01","slug":"oferta-academica","status":"publish","type":"post","link":"https:\/\/basicas.utp.edu.co\/doctorado-en-ciencias\/noticias-de-interes\/oferta-academica\/","title":{"rendered":"Oferta Acad\u00e9mica"},"content":{"rendered":"\n<p><span class=\"post-content__span\"> A continuaci\u00f3n se presenta la oferta&nbsp;acad\u00e9mica&nbsp;del Doctorado en Ciencias en Convenio entre las Universidades Tecnol\u00f3gica de Pereira, Caldas y Quind\u00edo, con el fin de que puedan realizar la solicitud de cursos que desean tomar el presente semestre&nbsp;acad\u00e9mico 2026-1.<\/p>\n\n\n\n<p><span class=\"post-content__span\"> La carta de <strong>solicitud de cursos<\/strong> y la carta de <strong>disponibilidad de tiempo<\/strong>, deben ser radicadas en la Oficina de Gesti\u00f3n de Documentos&nbsp;utilizando los formatos establecidos que pueden ser consultados en el siguiente enlace: <a href=\"https:\/\/basicas.utp.edu.co\/doctorado-en-ciencias\/sin-categoria\/documentos-de-interes\/\">Documentos de inter\u00e9s &#8211; Doctorado en Ciencias (utp.edu.co)<\/a>. Estos documentos deben ser enviados al correo electr\u00f3nico <a><\/a><a href=\"mailto:lazos@utp.edu.co\" target=\"_blank\" rel=\"noreferrer noopener\">ventanillaunica@utp.edu.co<\/a>, debidamente firmados por el <strong>Tutor y Contutor<\/strong> o <strong>Director y Codirector<\/strong>, as\u00ed como por el estudiante, de acuerdo con la normatividad institucional vigente (<a href=\"https:\/\/drive.google.com\/file\/d\/192Ob3Urm7XtkWiEC3C2gebTkf5naduLv\/view?usp=drive_link\">Resoluci\u00f3n de Rector\u00eda No. 5059 para el uso de la firma electr\u00f3nica<\/a>).<\/p>\n\n\n\n<p><span class=\"post-content__span\"> La fecha l\u00edmite para la entrega de estos documentos es el <strong>lunes 02 de febrero de 2026<\/strong>, requisito para la generaci\u00f3n del <strong>recibo de matr\u00edcula<\/strong> o <strong>activaci\u00f3n de periodo de gracia<\/strong>, para el periodo 2026-1.<\/p>\n\n\n\n<p><span class=\"post-content__span\"> Adem\u00e1s de las actividades&nbsp;acad\u00e9micas&nbsp;de los componentes de&nbsp;Fundamentaci\u00f3n y Especializaci\u00f3n, recuerde incluir en su solicitud los cursos del <strong>componente de investigaci\u00f3n<\/strong> que corresponda matricular, tales como:&nbsp;<strong>Investigaci\u00f3n I &#8211; VII<\/strong>, <strong>Seminarios de Investigaci\u00f3n I &#8211; III<\/strong> y <strong>Tesis<\/strong>.<\/p>\n\n\n\n<p><span class=\"post-content__span\"> <strong><em>Se aclara que todo tr\u00e1mite relacionado con solicitudes para los cursos debe tramitarse con la Direcci\u00f3n del programa en la sede donde se encuentra matriculado, independientemente de la sede donde se ofrece el curso.<\/em><\/strong><\/p>\n\n\n\n<h2 class=\"wp-block-heading\">Universidad Tecnol\u00f3gica de Pereira<\/h2>\n\n\n\n<figure class=\"wp-block-table\"><table class=\"has-fixed-layout\"><tbody><tr><td class=\"has-text-align-center\" data-align=\"center\"><strong>\u00c1rea<\/strong> <strong>Disciplinar<\/strong><\/td><td class=\"has-text-align-center\" data-align=\"center\"><strong>Componente<\/strong><\/td><td class=\"has-text-align-center\" data-align=\"center\"><strong>Actividad acad\u00e9mica<\/strong><\/td><td class=\"has-text-align-center\" data-align=\"center\"><strong>Docente<\/strong><\/td><td class=\"has-text-align-center\" data-align=\"center\"><strong>Horario<\/strong><\/td><td class=\"has-text-align-center\" data-align=\"center\"><strong>Fecha de inicio<\/strong><\/td><td class=\"has-text-align-center\" data-align=\"center\"><strong>Modalidad y sal\u00f3n<\/strong><\/td><td class=\"has-text-align-center\" data-align=\"center\"><strong>Prerrequisitos<\/strong><\/td><\/tr><tr><td class=\"has-text-align-center\" data-align=\"center\"><strong>Biolog\u00eda<\/strong><\/td><td class=\"has-text-align-center\" data-align=\"center\">Fundamentaci\u00f3n<\/td><td class=\"has-text-align-center\" data-align=\"center\">FY73B Anatom\u00eda y caracterizaci\u00f3n f\u00edsica de materiales<\/td><td class=\"has-text-align-center\" data-align=\"center\">Dr. Roger Alonso Moya Roque<\/td><td class=\"has-text-align-center\" data-align=\"center\">Por definir<\/td><td class=\"has-text-align-center\" data-align=\"center\">Por definir<\/td><td class=\"has-text-align-center\" data-align=\"center\">Por definir<\/td><td class=\"has-text-align-center\" data-align=\"center\">Por definir<\/td><\/tr><tr><td class=\"has-text-align-center\" data-align=\"center\"><strong>Biolog\u00eda<\/strong><\/td><td class=\"has-text-align-center\" data-align=\"center\">Especializaci\u00f3n<\/td><td class=\"has-text-align-center\" data-align=\"center\">FY44B T\u00f3picos avanzados en investigaci\u00f3n &#8211; Sistemas Agroforestales<\/td><td class=\"has-text-align-center\" data-align=\"center\">Dr. Miguel Alfredo Ru\u00edz L\u00f3pez<\/td><td class=\"has-text-align-center\" data-align=\"center\">martes 10:00 a.m. a 1:00 p.m.<\/td><td class=\"has-text-align-center\" data-align=\"center\">10 de marzo de 2026<\/td><td class=\"has-text-align-center\" data-align=\"center\">Presencial<br>Edificio 18<\/td><td class=\"has-text-align-center\" data-align=\"center\">Por definir<\/td><\/tr><tr><td class=\"has-text-align-center\" data-align=\"center\"><strong>Qu\u00edmica<\/strong><\/td><td class=\"has-text-align-center\" data-align=\"center\">Fundamentaci\u00f3n<\/td><td class=\"has-text-align-center\" data-align=\"center\">FY78Q Qu\u00edmica computacional<\/td><td class=\"has-text-align-center\" data-align=\"center\">Dr. Hector Fabio Cortes Hernandez<\/td><td class=\"has-text-align-center\" data-align=\"center\">s\u00e1bados<br>09:00 a.m. a 12:00 m.<\/td><td class=\"has-text-align-center\" data-align=\"center\">14 de marzo de 2026<\/td><td class=\"has-text-align-center\" data-align=\"center\">H\u00edbrido<br>Sala 15C-310<\/td><td class=\"has-text-align-center\" data-align=\"center\">Fisicoqu\u00edmica, qu\u00edmica cu\u00e1ntica y estructura de la materia.<\/td><\/tr><tr><td class=\"has-text-align-center\" data-align=\"center\"><strong>Qu\u00edmica<\/strong><\/td><td class=\"has-text-align-center\" data-align=\"center\">Especializaci\u00f3n<\/td><td class=\"has-text-align-center\" data-align=\"center\">FY39Q Cristalograf\u00eda<\/td><td class=\"has-text-align-center\" data-align=\"center\">Dr. Hoover Albeiro Valencia S\u00e1nchez<\/td><td class=\"has-text-align-center\" data-align=\"center\">lunes y mi\u00e9rcoles<br>04:00 p.m. a 06:00 p.m.<\/td><td class=\"has-text-align-center\" data-align=\"center\">09 de marzo de 2026<\/td><td class=\"has-text-align-center\" data-align=\"center\">Presencial<br>6-102<\/td><td class=\"has-text-align-center\" data-align=\"center\">Fisicoqu\u00edmica, qu\u00edmica inorg\u00e1nica, estructura de la materia y an\u00e1lisis instrumental<\/td><\/tr><tr><td class=\"has-text-align-center\" data-align=\"center\"><strong>Matem\u00e1ticas<\/strong><\/td><td class=\"has-text-align-center\" data-align=\"center\">Fundamentaci\u00f3n<\/td><td class=\"has-text-align-center\" data-align=\"center\">FY74M Transformada Wavelet continua en <math data-latex=\"R^n\"><semantics><msup><mi>R<\/mi><mi>n<\/mi><\/msup><annotation encoding=\"application\/x-tex\">R^n<\/annotation><\/semantics><\/math><\/td><td class=\"has-text-align-center\" data-align=\"center\">Dr. Jaime Navarro Fuentes<\/td><td class=\"has-text-align-center\" data-align=\"center\">lunes 04:00 p.m. a 07:00 p.m.<\/td><td class=\"has-text-align-center\" data-align=\"center\">09 de marzo de 2026<\/td><td class=\"has-text-align-center\" data-align=\"center\">Presencial<br>15C-312<\/td><td class=\"has-text-align-center\" data-align=\"center\">Teor\u00eda de la medida, espacios de Hilbert, grupos topol\u00f3gicos, transformada de Fourier, an\u00e1lisis funcional y<br>distribuciones temperadas.<\/td><\/tr><\/tbody><\/table><\/figure>\n\n\n\n<h2 class=\"wp-block-heading\"><\/h2>\n\n\n\n<p><span class=\"post-content__span\"> <\/p>\n","protected":false},"excerpt":{"rendered":"<p>A continuaci\u00f3n se presenta la oferta&nbsp;acad\u00e9mica&nbsp;del Doctorado en Ciencias en Convenio entre las Universidades Tecnol\u00f3gica de Pereira, Caldas y Quind\u00edo, con el fin de que puedan realizar la solicitud de [&#8230;]<\/p>\n","protected":false},"author":27,"featured_media":10293,"comment_status":"closed","ping_status":"closed","sticky":true,"template":"","format":"standard","meta":{"footnotes":""},"categories":[37],"tags":[59],"class_list":["post-10263","post","type-post","status-publish","format-standard","has-post-thumbnail","hentry","category-noticias-de-interes","tag-oferta-academica"],"_links":{"self":[{"href":"https:\/\/basicas.utp.edu.co\/doctorado-en-ciencias\/wp-json\/wp\/v2\/posts\/10263","targetHints":{"allow":["GET"]}}],"collection":[{"href":"https:\/\/basicas.utp.edu.co\/doctorado-en-ciencias\/wp-json\/wp\/v2\/posts"}],"about":[{"href":"https:\/\/basicas.utp.edu.co\/doctorado-en-ciencias\/wp-json\/wp\/v2\/types\/post"}],"author":[{"embeddable":true,"href":"https:\/\/basicas.utp.edu.co\/doctorado-en-ciencias\/wp-json\/wp\/v2\/users\/27"}],"replies":[{"embeddable":true,"href":"https:\/\/basicas.utp.edu.co\/doctorado-en-ciencias\/wp-json\/wp\/v2\/comments?post=10263"}],"version-history":[{"count":113,"href":"https:\/\/basicas.utp.edu.co\/doctorado-en-ciencias\/wp-json\/wp\/v2\/posts\/10263\/revisions"}],"predecessor-version":[{"id":10806,"href":"https:\/\/basicas.utp.edu.co\/doctorado-en-ciencias\/wp-json\/wp\/v2\/posts\/10263\/revisions\/10806"}],"wp:featuredmedia":[{"embeddable":true,"href":"https:\/\/basicas.utp.edu.co\/doctorado-en-ciencias\/wp-json\/wp\/v2\/media\/10293"}],"wp:attachment":[{"href":"https:\/\/basicas.utp.edu.co\/doctorado-en-ciencias\/wp-json\/wp\/v2\/media?parent=10263"}],"wp:term":[{"taxonomy":"category","embeddable":true,"href":"https:\/\/basicas.utp.edu.co\/doctorado-en-ciencias\/wp-json\/wp\/v2\/categories?post=10263"},{"taxonomy":"post_tag","embeddable":true,"href":"https:\/\/basicas.utp.edu.co\/doctorado-en-ciencias\/wp-json\/wp\/v2\/tags?post=10263"}],"curies":[{"name":"wp","href":"https:\/\/api.w.org\/{rel}","templated":true}]}}