{"id":6,"date":"2018-04-23T15:57:24","date_gmt":"2018-04-23T20:57:24","guid":{"rendered":"https:\/\/basicas.utp.edu.co\/matematicas\/2018\/04\/23\/historia\/"},"modified":"2022-11-29T11:31:13","modified_gmt":"2022-11-29T16:31:13","slug":"historia","status":"publish","type":"post","link":"https:\/\/basicas.utp.edu.co\/maestria-en-matematicas\/sin-categoria\/historia\/","title":{"rendered":"Historia"},"content":{"rendered":"<div class=\"wp-block-image\">\n<figure class=\"aligncenter is-resized\"><img decoding=\"async\" src=\"https:\/\/media2.utp.edu.co\/programas\/6\/historia.png\" alt=\"historia\" width=\"300\" \/><\/figure>\n<\/div>\n\n\n<p class=\"has-text-align-left has-black-color has-text-color has-medium-font-size\">La Maestr\u00eda en Matem\u00e1tica surge como una posibilidad para aquellos estudiantes inquietos en la profundizaci\u00f3n del conocimiento espec\u00edfico y de la necesidad de aquellos que hacen estudios en ciencias e ingenier\u00eda. Pregrados con que cuenta la Universidad.&nbsp; De otra parte, la Facultad de Ciencias B\u00e1sicas ya contaba con la Maestr\u00eda en Ense\u00f1anza de la Matem\u00e1tica, donde muchos de los estudiantes mostraban inter\u00e9s acad\u00e9mico con la profundizaci\u00f3n en las matem\u00e1ticas. Los docentes que hacen parte de esta Maestr\u00eda en Ense\u00f1anza y de la Facultad cuentan con formaci\u00f3n superior en diferentes \u00e1reas.&nbsp;<\/p>\n\n\n\n<p class=\"has-text-align-left has-black-color has-text-color has-medium-font-size\">Siendo, as\u00ed las cosas, el Consejo Superior de la Universidad Tecnol\u00f3gica de Pereira mediante&nbsp;ACUERDO No. 12 DEL 7 DE MARZO DE 2000, CONSEJO SUPERIOR aprob\u00f3 la creaci\u00f3n de la Maestr\u00eda en Matem\u00e1tica. Para comenzar labores acad\u00e9micas desde el 2015. Desde este momento se conforma un equipo de docentes con formaci\u00f3n en Matem\u00e1ticas y se establecen relaciones con otros docentes de otras instituciones y pa\u00edses para respaldar este proyecto acad\u00e9mico. El programa cuenta con estudiantes provenientes de diferentes departamentos como Valle del Cauca, Caldas, Quind\u00edo, Risaralda, cuyos pregrados mayoritariamente son ingenieros y licenciados en matem\u00e1ticas y f\u00edsica y a la fecha se han comenzado VI cohortes y se tienen 16 graduados.&nbsp;&nbsp;<\/p>\n\n\n\n<p class=\"has-text-align-left has-black-color has-text-color has-medium-font-size\">El programa realiza eventos de integraci\u00f3n y difusi\u00f3n cient\u00edfica de las matem\u00e1ticas con estudiantes y docentes de programa y de la Facultad de Ciencias B\u00e1sicas, as\u00ed mismo invita a estudiantes y docentes de otras instituciones.&nbsp;<\/p>\n\n\n\n<p class=\"has-text-align-left has-black-color has-text-color has-medium-font-size\">A continuaci\u00f3n, se presenta un itinerario hist\u00f3rico de la universidad desde su fundaci\u00f3n:&nbsp;<\/p>\n\n\n\n<p class=\"has-text-align-left has-black-color has-text-color has-medium-font-size\">Por medio de la Ley 41 de 1958, se crea la Universidad Tecnol\u00f3gica de Pereira como m\u00e1xima expresi\u00f3n cultural y patrimonio de la regi\u00f3n y como una entidad de car\u00e1cter oficial seccional. Luego, se decreta como un establecimiento de car\u00e1cter acad\u00e9mico del orden nacional, con personer\u00eda jur\u00eddica, AUTONOMIA administrativa y patrimonio independiente, adscrito al Ministerio de Educaci\u00f3n Nacional. As\u00ed, la Universidad inicia labores el 4 de marzo de 1961, con el programa de Ingenier\u00eda El\u00e9ctrica, bajo la direcci\u00f3n de su fundador y primer Rector Doctor Jorge Roa Mart\u00ednez. Gracias al impulso inicial y al esfuerzo de todos sus estamentos la Instituci\u00f3n empieza a desarrollar programas acad\u00e9micos que la hacen merecedora de un gran prestigio a nivel regional y nacional.<\/p>\n","protected":false},"excerpt":{"rendered":"<p>La Maestr\u00eda en Matem\u00e1tica surge como una posibilidad para aquellos estudiantes inquietos en la profundizaci\u00f3n del conocimiento espec\u00edfico y de la necesidad de aquellos que hacen estudios en ciencias e [&#8230;]<\/p>\n","protected":false},"author":1,"featured_media":0,"comment_status":"closed","ping_status":"closed","sticky":false,"template":"","format":"standard","meta":{"footnotes":""},"categories":[1],"tags":[],"class_list":["post-6","post","type-post","status-publish","format-standard","hentry","category-sin-categoria"],"_links":{"self":[{"href":"https:\/\/basicas.utp.edu.co\/maestria-en-matematicas\/wp-json\/wp\/v2\/posts\/6","targetHints":{"allow":["GET"]}}],"collection":[{"href":"https:\/\/basicas.utp.edu.co\/maestria-en-matematicas\/wp-json\/wp\/v2\/posts"}],"about":[{"href":"https:\/\/basicas.utp.edu.co\/maestria-en-matematicas\/wp-json\/wp\/v2\/types\/post"}],"author":[{"embeddable":true,"href":"https:\/\/basicas.utp.edu.co\/maestria-en-matematicas\/wp-json\/wp\/v2\/users\/1"}],"replies":[{"embeddable":true,"href":"https:\/\/basicas.utp.edu.co\/maestria-en-matematicas\/wp-json\/wp\/v2\/comments?post=6"}],"version-history":[{"count":3,"href":"https:\/\/basicas.utp.edu.co\/maestria-en-matematicas\/wp-json\/wp\/v2\/posts\/6\/revisions"}],"predecessor-version":[{"id":10167,"href":"https:\/\/basicas.utp.edu.co\/maestria-en-matematicas\/wp-json\/wp\/v2\/posts\/6\/revisions\/10167"}],"wp:attachment":[{"href":"https:\/\/basicas.utp.edu.co\/maestria-en-matematicas\/wp-json\/wp\/v2\/media?parent=6"}],"wp:term":[{"taxonomy":"category","embeddable":true,"href":"https:\/\/basicas.utp.edu.co\/maestria-en-matematicas\/wp-json\/wp\/v2\/categories?post=6"},{"taxonomy":"post_tag","embeddable":true,"href":"https:\/\/basicas.utp.edu.co\/maestria-en-matematicas\/wp-json\/wp\/v2\/tags?post=6"}],"curies":[{"name":"wp","href":"https:\/\/api.w.org\/{rel}","templated":true}]}}