{"id":32,"date":"2017-02-21T15:52:18","date_gmt":"2017-02-21T20:52:18","guid":{"rendered":"https:\/\/basicas.utp.edu.co\/mef\/sin-categoria\/acerca-de-la-ciudad\/"},"modified":"2017-02-21T15:52:18","modified_gmt":"2017-02-21T20:52:18","slug":"acerca-de-la-ciudad","status":"publish","type":"post","link":"https:\/\/basicas.utp.edu.co\/maestria-ensenanza-fisica\/sin-categoria\/acerca-de-la-ciudad\/","title":{"rendered":"Acerca de la ciudad"},"content":{"rendered":"\n<p><span class=\"post-content__span\"> Pereira es la capital del departamento de Risaralda en la Rep\u00fablica de Colombia. Est\u00e1 ubicada en la regi\u00f3n centro-occidente del pa\u00eds, en el valle del r\u00edo Ot\u00fan en la Cordillera Central de los Andes colombianos. (Coordenadas 4\u00b048\u203251\u2033N 75\u00b041\u203240\u2033O).<\/p>\n\n\n\n<p><span class=\"post-content__span\"> Pereira se encuentra sobre la cordillera central a 1.411 msnm, con una precipitaci\u00f3n media anual de 2.750 mm y una temperatura media de 22 grados cent\u00edgrados.<\/p>\n\n\n\n<p><span class=\"post-content__span\"> Los habitantes de Pereira (pereiranos) son personas amables y serviciales, caracterizadas por su civismo, apertura espiritual y gran riqueza cultural y ambiental. Los pereiraros afirman que en Pereira \u201cnadie es forastero, todos somos pereiranos\u201d.<\/p>\n\n\n\n<p><span class=\"post-content__span\"> <strong>Una ciudad acogedora<\/strong><\/p>\n\n\n\n<p><span class=\"post-content__span\"> Pereira es una ciudad pluralista con aproximadamente 480.000 habitantes, el \u00e1rea municipal es de 702 km\u00b2 distribuida en su parte urbana en 19 comunas y en el \u00e1rea rural en 12 corregimientos.<\/p>\n\n\n\n<p><span class=\"post-content__span\"> Pereira limita al norte con los municipios de La Virginia, Marsella y Dosquebradas, al noreste con Santa Rosa de Cabal y al este con el departamento del Tolima, al sur con los departamentos de Quind\u00edo y Valle del Cauca, al oeste con el municipio de Balboa y el departamento del Valle del Cauca.<\/p>\n\n\n\n<p><span class=\"post-content__span\"> Pereira hace parte del paisaje cultural cafetero, declarado patrimonio de la humanidad por la UNESCO en junio de 2011.<\/p>\n\n\n\n<p><span class=\"post-content__span\"> <a href=\"https:\/\/www.colombia.travel\/es\/a-donde-ir\/andina\/pereira\" rel=\"nofollow\">Ampliar Informaci\u00f3n<\/a><\/p>\n","protected":false},"excerpt":{"rendered":"<p>Pereira es la capital del departamento de Risaralda en la Rep\u00fablica de Colombia. Est\u00e1 ubicada en la regi\u00f3n centro-occidente del pa\u00eds, en el valle del r\u00edo Ot\u00fan en la Cordillera [&#8230;]<\/p>\n","protected":false},"author":1,"featured_media":0,"comment_status":"closed","ping_status":"closed","sticky":false,"template":"","format":"standard","meta":{"footnotes":""},"categories":[1],"tags":[],"class_list":["post-32","post","type-post","status-publish","format-standard","hentry","category-sin-categoria"],"_links":{"self":[{"href":"https:\/\/basicas.utp.edu.co\/maestria-ensenanza-fisica\/wp-json\/wp\/v2\/posts\/32","targetHints":{"allow":["GET"]}}],"collection":[{"href":"https:\/\/basicas.utp.edu.co\/maestria-ensenanza-fisica\/wp-json\/wp\/v2\/posts"}],"about":[{"href":"https:\/\/basicas.utp.edu.co\/maestria-ensenanza-fisica\/wp-json\/wp\/v2\/types\/post"}],"author":[{"embeddable":true,"href":"https:\/\/basicas.utp.edu.co\/maestria-ensenanza-fisica\/wp-json\/wp\/v2\/users\/1"}],"replies":[{"embeddable":true,"href":"https:\/\/basicas.utp.edu.co\/maestria-ensenanza-fisica\/wp-json\/wp\/v2\/comments?post=32"}],"version-history":[{"count":0,"href":"https:\/\/basicas.utp.edu.co\/maestria-ensenanza-fisica\/wp-json\/wp\/v2\/posts\/32\/revisions"}],"wp:attachment":[{"href":"https:\/\/basicas.utp.edu.co\/maestria-ensenanza-fisica\/wp-json\/wp\/v2\/media?parent=32"}],"wp:term":[{"taxonomy":"category","embeddable":true,"href":"https:\/\/basicas.utp.edu.co\/maestria-ensenanza-fisica\/wp-json\/wp\/v2\/categories?post=32"},{"taxonomy":"post_tag","embeddable":true,"href":"https:\/\/basicas.utp.edu.co\/maestria-ensenanza-fisica\/wp-json\/wp\/v2\/tags?post=32"}],"curies":[{"name":"wp","href":"https:\/\/api.w.org\/{rel}","templated":true}]}}